{"id":7965,"date":"2022-12-06T10:31:23","date_gmt":"2022-12-06T10:31:23","guid":{"rendered":"https:\/\/borges1896.com\/cz-sk\/?p=7965"},"modified":"2023-01-20T07:49:00","modified_gmt":"2023-01-20T07:49:00","slug":"kdy-detem-zacit-davat-orechy","status":"publish","type":"post","link":"https:\/\/borges1896.com\/cz-sk\/2022\/12\/06\/kdy-detem-zacit-davat-orechy\/","title":{"rendered":"KDY D\u011aTEM ZA\u010c\u00cdT D\u00c1VAT O\u0158ECHY?"},"content":{"rendered":"<p>Kdy\u017e je v\u00e1m 20 nebo 30 let a d\u00edv\u00e1te se na sv\u00e9 d\u011btstv\u00ed retrospektivn\u011b, s (absolutn\u00ed) jistotou, \u017ee se do n\u011bj u\u017e nikdy nevr\u00e1t\u00edte, t\u011b\u017eko se ubr\u00e1n\u00edte \u00fasm\u011bvu p\u0159i vzpom\u00ednce na v\u011bty typu \u201evypij ten d\u017eus, abys m\u011bl vitam\u00edny\u201c nebo \u201epo\u0159\u00e1dn\u011b se obl\u00e9kni\u201c. A o n\u011bkolik let pozd\u011bji se stanete otcem nebo matkou a vr\u00e1t\u00edte se do t\u00e9 doby, akor\u00e1t \u017ee te\u010f se z nevinn\u00e9ho d\u00edt\u011bte stane rodi\u010d.<\/p>\n<p>Najednou stoj\u00edte p\u0159ed prvn\u00edmi velk\u00fdmi \u201eb\u00fdt \u010di neb\u00fdt\u201c rozhodnut\u00edmi jako \u201evz\u00edt \u010di nevz\u00edt dudl\u00edk\u201c a jak\u00fdkoliv probl\u00e9m souvisej\u00edc\u00ed se zdrav\u00edm va\u0161eho potomka je na prvn\u00edm m\u00edst\u011b.<\/p>\n<p>A kolem druh\u00e9ho roku \u017eivota va\u0161eho mal\u00e9ho \u201emini-me\u201c se za\u010dnete pt\u00e1t: Kdy mu m\u016f\u017eu za\u010d\u00edt d\u00e1vat o\u0159\u00ed\u0161ky? Tady je rychl\u00fd, sedmibodov\u00fd pr\u016fvodce, jak postupovat p\u0159i t\u00e9to z\u00e1sadn\u00ed zm\u011bn\u011b v j\u00eddeln\u00ed\u010dku va\u0161eho d\u00edt\u011bte.<\/p>\n<ol>\n<li><strong> Od dvou let kdykoliv chcete.<br \/>\n<\/strong>To samoz\u0159ejm\u011b neznamen\u00e1, \u017ee mus\u00edte s\u00a0miskou mandl\u00ed v\u00a0ruce \u010dekat a\u017e va\u0161e d\u00edt\u011b sfoukne sv\u00ed\u010dky na oslav\u011b sv\u00fdch druh\u00fdch narozenin. Vyzkou\u0161ejte to tehdy, kdy to uzn\u00e1te za vhodn\u00e9.<\/li>\n<\/ol>\n<ol start=\"2\">\n<li><strong> Mal\u00e9 kousky<br \/>\n<\/strong>Vezm\u011bte o\u0159\u00ed\u0161ek a nasekejte jej na mal\u00e9 kousky.<\/li>\n<\/ol>\n<ol start=\"3\">\n<li><strong> Rad\u011bji syrov\u00e9<br \/>\n<\/strong>D\u00edky tomu si m\u016f\u017eete b\u00fdt jist\u00ed, \u017ee pokud zpozorujete alergickou reakci, jedn\u00e1 se skute\u010dn\u011b o n\u011bco zp\u016fsoben\u00e9 t\u00edmto o\u0159echem, a ne jinou potravinou, kter\u00e1 mohla b\u00fdt do j\u00eddla p\u0159id\u00e1na.<\/li>\n<\/ol>\n<ol start=\"4\">\n<li><strong> Pokud u\u017e alergie na o\u0159echy je\u2026<br \/>\n<\/strong>Pokud m\u00e1 d\u00edt\u011b alergii nap\u0159\u00edklad na l\u00edskov\u00e9 o\u0159echy, neznamen\u00e1 to, \u017ee ji mus\u00ed m\u00edt i na pist\u00e1cie. P\u0159i testov\u00e1n\u00ed zajist\u011bte, aby byl testovan\u00fd druh o\u0159echu izolovan\u00fd od ostatn\u00edch druh\u016f, t\u00edm vylou\u010d\u00edte mo\u017enou z\u00e1m\u011bnu.<\/li>\n<\/ol>\n<ol start=\"5\">\n<li><strong> Ara\u0161\u00eddy&#8230; nejsou o\u0159ech<br \/>\n<\/strong>Nen\u00ed \u0161patn\u00e9 v\u011bd\u011bt, \u017ee se jedn\u00e1 o lu\u0161t\u011bninu, kter\u00e1 je v\u0161ak pro mnoh\u00e9 tak\u00e9 alergenem.<\/li>\n<\/ol>\n<ol start=\"6\">\n<li><strong> \u017d\u00e1dn\u00e9 o\u0159echy nezp\u016fsobuj\u00ed alergie s v\u011bt\u0161\u00ed pravd\u011bpodobnost\u00ed ne\u017e jin\u00e9.<br \/>\n<\/strong>Nebu\u010fme posedl\u00ed: u ke\u0161u o\u0159\u00ed\u0161k\u016f nen\u00ed v\u011bt\u0161\u00ed pravd\u011bpodobnost vzniku alergick\u00e9 reakce ne\u017e u jin\u00fdch o\u0159ech\u016f. Ve skute\u010dnosti, a to i p\u0159esto, \u017ee v\u00fdzkum na toto t\u00e9ma st\u00e1le prob\u00edh\u00e1, jsou ne\u017e\u00e1douc\u00ed \u00fa\u010dinky zp\u016fsobeny slo\u017eitou kombinac\u00ed genetick\u00fdch, environment\u00e1ln\u00edch a jin\u00fdch faktor\u016f.<\/li>\n<\/ol>\n<ol start=\"7\">\n<li><strong> Abychom vylou\u010dili alergie, otestujeme t\u0159ikr\u00e1t.<br \/>\n<\/strong>Pond\u011bl\u00ed: o\u0159echy ke sva\u010din\u011b. \u00dater\u00fd: o\u0159echy ke sva\u010din\u011b. St\u0159eda: o\u0159echy ke sva\u010din\u011b. Je d\u00edt\u011b st\u00e1le \u0161\u0165astn\u00e9? Gratulujeme! M\u00e1te d\u00edt\u011b bez alergie na tento konkr\u00e9tn\u00ed druh o\u0159echu. Metoda t\u0159\u00ed opakov\u00e1n\u00ed odstran\u00ed jak\u00e9koliv pochybnosti.<\/li>\n<\/ol>\n<ol start=\"8\">\n<li><strong><strong> Jsou velmi v\u00fd\u017eivn\u00e9, tak\u017ee&#8230; hur\u00e1!<br \/>\n<\/strong><\/strong>Mezi jejich benefity pat\u0159\u00ed vysok\u00fd obsah vl\u00e1kniny, miner\u00e1l\u016f, dobr\u00fdch tuk\u016f, vitam\u00edn\u016f, v\u00e1pn\u00edku&#8230; M\u00e1te doma budouc\u00edho gurm\u00e1na, nev\u00e1hejte.<\/li>\n<\/ol>\n","protected":false},"excerpt":{"rendered":"<p>Kdy\u017e je v\u00e1m 20 nebo 30 let a d\u00edv\u00e1te se na sv\u00e9 d\u011btstv\u00ed retrospektivn\u011b, s (absolutn\u00ed) jistotou, \u017ee se do&#8230;<\/p>\n","protected":false},"author":91401,"featured_media":7966,"comment_status":"open","ping_status":"open","sticky":false,"template":"","format":"standard","meta":{"_acf_changed":false,"footnotes":""},"categories":[84],"tags":[],"class_list":["post-7965","post","type-post","status-publish","format-standard","has-post-thumbnail","hentry","category-blog-chut-zdravie"],"acf":[],"yoast_head":"<!-- This site is optimized with the Yoast SEO plugin v27.4 - https:\/\/yoast.com\/product\/yoast-seo-wordpress\/ -->\n<title>KDY D\u011aTEM ZA\u010c\u00cdT D\u00c1VAT O\u0158ECHY? - Borges \u010cesko a Slovensko<\/title>\n<meta name=\"robots\" content=\"index, follow, max-snippet:-1, max-image-preview:large, max-video-preview:-1\" \/>\n<link rel=\"canonical\" href=\"https:\/\/borges1896.com\/cz-sk\/2022\/12\/06\/kdy-detem-zacit-davat-orechy\/\" \/>\n<meta property=\"og:locale\" content=\"cs_CZ\" \/>\n<meta property=\"og:type\" content=\"article\" \/>\n<meta property=\"og:title\" content=\"KDY D\u011aTEM ZA\u010c\u00cdT D\u00c1VAT O\u0158ECHY? - Borges \u010cesko a Slovensko\" \/>\n<meta property=\"og:description\" content=\"Kdy\u017e je v\u00e1m 20 nebo 30 let a d\u00edv\u00e1te se na sv\u00e9 d\u011btstv\u00ed retrospektivn\u011b, s (absolutn\u00ed) jistotou, \u017ee se do...\" \/>\n<meta property=\"og:url\" content=\"https:\/\/borges1896.com\/cz-sk\/2022\/12\/06\/kdy-detem-zacit-davat-orechy\/\" \/>\n<meta property=\"og:site_name\" content=\"Borges \u010cesko a Slovensko\" \/>\n<meta property=\"article:publisher\" content=\"https:\/\/www.facebook.com\/BorgesCeskoSlovensko\" \/>\n<meta property=\"article:published_time\" content=\"2022-12-06T10:31:23+00:00\" \/>\n<meta property=\"article:modified_time\" content=\"2023-01-20T07:49:00+00:00\" \/>\n<meta property=\"og:image\" content=\"https:\/\/borges1896.com\/app\/uploads\/\/ezgif.com-gif-maker-1-19.jpg\" \/>\n\t<meta property=\"og:image:width\" content=\"640\" \/>\n\t<meta property=\"og:image:height\" content=\"427\" \/>\n\t<meta property=\"og:image:type\" content=\"image\/jpeg\" \/>\n<meta name=\"author\" content=\"luciafabianova\" \/>\n<meta name=\"twitter:card\" content=\"summary_large_image\" \/>\n<meta name=\"twitter:label1\" content=\"Napsal(a)\" \/>\n\t<meta name=\"twitter:data1\" content=\"luciafabianova\" \/>\n\t<meta name=\"twitter:label2\" content=\"Odhadovan\u00e1 doba \u010dten\u00ed\" \/>\n\t<meta name=\"twitter:data2\" content=\"2 minuty\" \/>\n<script type=\"application\/ld+json\" class=\"yoast-schema-graph\">{\"@context\":\"https:\\\/\\\/schema.org\",\"@graph\":[{\"@type\":\"Article\",\"@id\":\"https:\\\/\\\/borges1896.com\\\/cz-sk\\\/2022\\\/12\\\/06\\\/kdy-detem-zacit-davat-orechy\\\/#article\",\"isPartOf\":{\"@id\":\"https:\\\/\\\/borges1896.com\\\/cz-sk\\\/2022\\\/12\\\/06\\\/kdy-detem-zacit-davat-orechy\\\/\"},\"author\":{\"name\":\"luciafabianova\",\"@id\":\"https:\\\/\\\/borges1896.com\\\/cz-sk\\\/#\\\/schema\\\/person\\\/2fc0bc249c2f2130cf3486eabeb36ffe\"},\"headline\":\"KDY D\u011aTEM ZA\u010c\u00cdT D\u00c1VAT O\u0158ECHY?\",\"datePublished\":\"2022-12-06T10:31:23+00:00\",\"dateModified\":\"2023-01-20T07:49:00+00:00\",\"mainEntityOfPage\":{\"@id\":\"https:\\\/\\\/borges1896.com\\\/cz-sk\\\/2022\\\/12\\\/06\\\/kdy-detem-zacit-davat-orechy\\\/\"},\"wordCount\":538,\"commentCount\":0,\"image\":{\"@id\":\"https:\\\/\\\/borges1896.com\\\/cz-sk\\\/2022\\\/12\\\/06\\\/kdy-detem-zacit-davat-orechy\\\/#primaryimage\"},\"thumbnailUrl\":\"https:\\\/\\\/borges1896.com\\\/app\\\/uploads\\\/\\\/ezgif.com-gif-maker-1-19.jpg\",\"articleSection\":[\"BLOG CHU\u0164 &amp; ZDRAV\u00cd\"],\"inLanguage\":\"cs\",\"potentialAction\":[{\"@type\":\"CommentAction\",\"name\":\"Comment\",\"target\":[\"https:\\\/\\\/borges1896.com\\\/cz-sk\\\/2022\\\/12\\\/06\\\/kdy-detem-zacit-davat-orechy\\\/#respond\"]}]},{\"@type\":\"WebPage\",\"@id\":\"https:\\\/\\\/borges1896.com\\\/cz-sk\\\/2022\\\/12\\\/06\\\/kdy-detem-zacit-davat-orechy\\\/\",\"url\":\"https:\\\/\\\/borges1896.com\\\/cz-sk\\\/2022\\\/12\\\/06\\\/kdy-detem-zacit-davat-orechy\\\/\",\"name\":\"KDY D\u011aTEM ZA\u010c\u00cdT D\u00c1VAT O\u0158ECHY? - Borges \u010cesko a Slovensko\",\"isPartOf\":{\"@id\":\"https:\\\/\\\/borges1896.com\\\/cz-sk\\\/#website\"},\"primaryImageOfPage\":{\"@id\":\"https:\\\/\\\/borges1896.com\\\/cz-sk\\\/2022\\\/12\\\/06\\\/kdy-detem-zacit-davat-orechy\\\/#primaryimage\"},\"image\":{\"@id\":\"https:\\\/\\\/borges1896.com\\\/cz-sk\\\/2022\\\/12\\\/06\\\/kdy-detem-zacit-davat-orechy\\\/#primaryimage\"},\"thumbnailUrl\":\"https:\\\/\\\/borges1896.com\\\/app\\\/uploads\\\/\\\/ezgif.com-gif-maker-1-19.jpg\",\"datePublished\":\"2022-12-06T10:31:23+00:00\",\"dateModified\":\"2023-01-20T07:49:00+00:00\",\"author\":{\"@id\":\"https:\\\/\\\/borges1896.com\\\/cz-sk\\\/#\\\/schema\\\/person\\\/2fc0bc249c2f2130cf3486eabeb36ffe\"},\"breadcrumb\":{\"@id\":\"https:\\\/\\\/borges1896.com\\\/cz-sk\\\/2022\\\/12\\\/06\\\/kdy-detem-zacit-davat-orechy\\\/#breadcrumb\"},\"inLanguage\":\"cs\",\"potentialAction\":[{\"@type\":\"ReadAction\",\"target\":[\"https:\\\/\\\/borges1896.com\\\/cz-sk\\\/2022\\\/12\\\/06\\\/kdy-detem-zacit-davat-orechy\\\/\"]}]},{\"@type\":\"ImageObject\",\"inLanguage\":\"cs\",\"@id\":\"https:\\\/\\\/borges1896.com\\\/cz-sk\\\/2022\\\/12\\\/06\\\/kdy-detem-zacit-davat-orechy\\\/#primaryimage\",\"url\":\"https:\\\/\\\/borges1896.com\\\/app\\\/uploads\\\/\\\/ezgif.com-gif-maker-1-19.jpg\",\"contentUrl\":\"https:\\\/\\\/borges1896.com\\\/app\\\/uploads\\\/\\\/ezgif.com-gif-maker-1-19.jpg\",\"width\":640,\"height\":427,\"caption\":\"Kdy d\u011btem za\u010d\u00edt d\u00e1vat o\u0159echy?\"},{\"@type\":\"BreadcrumbList\",\"@id\":\"https:\\\/\\\/borges1896.com\\\/cz-sk\\\/2022\\\/12\\\/06\\\/kdy-detem-zacit-davat-orechy\\\/#breadcrumb\",\"itemListElement\":[{\"@type\":\"ListItem\",\"position\":1,\"name\":\"Home\",\"item\":\"https:\\\/\\\/borges1896.com\\\/cz-sk\\\/\"},{\"@type\":\"ListItem\",\"position\":2,\"name\":\"KDY D\u011aTEM ZA\u010c\u00cdT D\u00c1VAT O\u0158ECHY?\"}]},{\"@type\":\"WebSite\",\"@id\":\"https:\\\/\\\/borges1896.com\\\/cz-sk\\\/#website\",\"url\":\"https:\\\/\\\/borges1896.com\\\/cz-sk\\\/\",\"name\":\"Borges \u010cesko a Slovensko\",\"description\":\"Borges olivov\u00fd olej\",\"inLanguage\":\"cs\"},{\"@type\":\"Person\",\"@id\":\"https:\\\/\\\/borges1896.com\\\/cz-sk\\\/#\\\/schema\\\/person\\\/2fc0bc249c2f2130cf3486eabeb36ffe\",\"name\":\"luciafabianova\",\"image\":{\"@type\":\"ImageObject\",\"inLanguage\":\"cs\",\"@id\":\"https:\\\/\\\/secure.gravatar.com\\\/avatar\\\/891c5dc9589090f762ec1d15484dca5b16e162aedf50c0896b571364a5a9a0c6?s=96&d=mm&r=g\",\"url\":\"https:\\\/\\\/secure.gravatar.com\\\/avatar\\\/891c5dc9589090f762ec1d15484dca5b16e162aedf50c0896b571364a5a9a0c6?s=96&d=mm&r=g\",\"contentUrl\":\"https:\\\/\\\/secure.gravatar.com\\\/avatar\\\/891c5dc9589090f762ec1d15484dca5b16e162aedf50c0896b571364a5a9a0c6?s=96&d=mm&r=g\",\"caption\":\"luciafabianova\"},\"url\":\"https:\\\/\\\/borges1896.com\\\/cz-sk\\\/author\\\/luciafabianova\\\/\"}]}<\/script>\n<!-- \/ Yoast SEO plugin. -->","yoast_head_json":{"title":"KDY D\u011aTEM ZA\u010c\u00cdT D\u00c1VAT O\u0158ECHY? - Borges \u010cesko a Slovensko","robots":{"index":"index","follow":"follow","max-snippet":"max-snippet:-1","max-image-preview":"max-image-preview:large","max-video-preview":"max-video-preview:-1"},"canonical":"https:\/\/borges1896.com\/cz-sk\/2022\/12\/06\/kdy-detem-zacit-davat-orechy\/","og_locale":"cs_CZ","og_type":"article","og_title":"KDY D\u011aTEM ZA\u010c\u00cdT D\u00c1VAT O\u0158ECHY? - Borges \u010cesko a Slovensko","og_description":"Kdy\u017e je v\u00e1m 20 nebo 30 let a d\u00edv\u00e1te se na sv\u00e9 d\u011btstv\u00ed retrospektivn\u011b, s (absolutn\u00ed) jistotou, \u017ee se do...","og_url":"https:\/\/borges1896.com\/cz-sk\/2022\/12\/06\/kdy-detem-zacit-davat-orechy\/","og_site_name":"Borges \u010cesko a Slovensko","article_publisher":"https:\/\/www.facebook.com\/BorgesCeskoSlovensko","article_published_time":"2022-12-06T10:31:23+00:00","article_modified_time":"2023-01-20T07:49:00+00:00","og_image":[{"width":640,"height":427,"url":"https:\/\/borges1896.com\/app\/uploads\/\/ezgif.com-gif-maker-1-19.jpg","type":"image\/jpeg"}],"author":"luciafabianova","twitter_card":"summary_large_image","twitter_misc":{"Napsal(a)":"luciafabianova","Odhadovan\u00e1 doba \u010dten\u00ed":"2 minuty"},"schema":{"@context":"https:\/\/schema.org","@graph":[{"@type":"Article","@id":"https:\/\/borges1896.com\/cz-sk\/2022\/12\/06\/kdy-detem-zacit-davat-orechy\/#article","isPartOf":{"@id":"https:\/\/borges1896.com\/cz-sk\/2022\/12\/06\/kdy-detem-zacit-davat-orechy\/"},"author":{"name":"luciafabianova","@id":"https:\/\/borges1896.com\/cz-sk\/#\/schema\/person\/2fc0bc249c2f2130cf3486eabeb36ffe"},"headline":"KDY D\u011aTEM ZA\u010c\u00cdT D\u00c1VAT O\u0158ECHY?","datePublished":"2022-12-06T10:31:23+00:00","dateModified":"2023-01-20T07:49:00+00:00","mainEntityOfPage":{"@id":"https:\/\/borges1896.com\/cz-sk\/2022\/12\/06\/kdy-detem-zacit-davat-orechy\/"},"wordCount":538,"commentCount":0,"image":{"@id":"https:\/\/borges1896.com\/cz-sk\/2022\/12\/06\/kdy-detem-zacit-davat-orechy\/#primaryimage"},"thumbnailUrl":"https:\/\/borges1896.com\/app\/uploads\/\/ezgif.com-gif-maker-1-19.jpg","articleSection":["BLOG CHU\u0164 &amp; ZDRAV\u00cd"],"inLanguage":"cs","potentialAction":[{"@type":"CommentAction","name":"Comment","target":["https:\/\/borges1896.com\/cz-sk\/2022\/12\/06\/kdy-detem-zacit-davat-orechy\/#respond"]}]},{"@type":"WebPage","@id":"https:\/\/borges1896.com\/cz-sk\/2022\/12\/06\/kdy-detem-zacit-davat-orechy\/","url":"https:\/\/borges1896.com\/cz-sk\/2022\/12\/06\/kdy-detem-zacit-davat-orechy\/","name":"KDY D\u011aTEM ZA\u010c\u00cdT D\u00c1VAT O\u0158ECHY? - Borges \u010cesko a Slovensko","isPartOf":{"@id":"https:\/\/borges1896.com\/cz-sk\/#website"},"primaryImageOfPage":{"@id":"https:\/\/borges1896.com\/cz-sk\/2022\/12\/06\/kdy-detem-zacit-davat-orechy\/#primaryimage"},"image":{"@id":"https:\/\/borges1896.com\/cz-sk\/2022\/12\/06\/kdy-detem-zacit-davat-orechy\/#primaryimage"},"thumbnailUrl":"https:\/\/borges1896.com\/app\/uploads\/\/ezgif.com-gif-maker-1-19.jpg","datePublished":"2022-12-06T10:31:23+00:00","dateModified":"2023-01-20T07:49:00+00:00","author":{"@id":"https:\/\/borges1896.com\/cz-sk\/#\/schema\/person\/2fc0bc249c2f2130cf3486eabeb36ffe"},"breadcrumb":{"@id":"https:\/\/borges1896.com\/cz-sk\/2022\/12\/06\/kdy-detem-zacit-davat-orechy\/#breadcrumb"},"inLanguage":"cs","potentialAction":[{"@type":"ReadAction","target":["https:\/\/borges1896.com\/cz-sk\/2022\/12\/06\/kdy-detem-zacit-davat-orechy\/"]}]},{"@type":"ImageObject","inLanguage":"cs","@id":"https:\/\/borges1896.com\/cz-sk\/2022\/12\/06\/kdy-detem-zacit-davat-orechy\/#primaryimage","url":"https:\/\/borges1896.com\/app\/uploads\/\/ezgif.com-gif-maker-1-19.jpg","contentUrl":"https:\/\/borges1896.com\/app\/uploads\/\/ezgif.com-gif-maker-1-19.jpg","width":640,"height":427,"caption":"Kdy d\u011btem za\u010d\u00edt d\u00e1vat o\u0159echy?"},{"@type":"BreadcrumbList","@id":"https:\/\/borges1896.com\/cz-sk\/2022\/12\/06\/kdy-detem-zacit-davat-orechy\/#breadcrumb","itemListElement":[{"@type":"ListItem","position":1,"name":"Home","item":"https:\/\/borges1896.com\/cz-sk\/"},{"@type":"ListItem","position":2,"name":"KDY D\u011aTEM ZA\u010c\u00cdT D\u00c1VAT O\u0158ECHY?"}]},{"@type":"WebSite","@id":"https:\/\/borges1896.com\/cz-sk\/#website","url":"https:\/\/borges1896.com\/cz-sk\/","name":"Borges \u010cesko a Slovensko","description":"Borges olivov\u00fd olej","inLanguage":"cs"},{"@type":"Person","@id":"https:\/\/borges1896.com\/cz-sk\/#\/schema\/person\/2fc0bc249c2f2130cf3486eabeb36ffe","name":"luciafabianova","image":{"@type":"ImageObject","inLanguage":"cs","@id":"https:\/\/secure.gravatar.com\/avatar\/891c5dc9589090f762ec1d15484dca5b16e162aedf50c0896b571364a5a9a0c6?s=96&d=mm&r=g","url":"https:\/\/secure.gravatar.com\/avatar\/891c5dc9589090f762ec1d15484dca5b16e162aedf50c0896b571364a5a9a0c6?s=96&d=mm&r=g","contentUrl":"https:\/\/secure.gravatar.com\/avatar\/891c5dc9589090f762ec1d15484dca5b16e162aedf50c0896b571364a5a9a0c6?s=96&d=mm&r=g","caption":"luciafabianova"},"url":"https:\/\/borges1896.com\/cz-sk\/author\/luciafabianova\/"}]}},"_links":{"self":[{"href":"https:\/\/borges1896.com\/cz-sk\/wp-json\/wp\/v2\/posts\/7965","targetHints":{"allow":["GET"]}}],"collection":[{"href":"https:\/\/borges1896.com\/cz-sk\/wp-json\/wp\/v2\/posts"}],"about":[{"href":"https:\/\/borges1896.com\/cz-sk\/wp-json\/wp\/v2\/types\/post"}],"author":[{"embeddable":true,"href":"https:\/\/borges1896.com\/cz-sk\/wp-json\/wp\/v2\/users\/91401"}],"replies":[{"embeddable":true,"href":"https:\/\/borges1896.com\/cz-sk\/wp-json\/wp\/v2\/comments?post=7965"}],"version-history":[{"count":3,"href":"https:\/\/borges1896.com\/cz-sk\/wp-json\/wp\/v2\/posts\/7965\/revisions"}],"predecessor-version":[{"id":8476,"href":"https:\/\/borges1896.com\/cz-sk\/wp-json\/wp\/v2\/posts\/7965\/revisions\/8476"}],"wp:featuredmedia":[{"embeddable":true,"href":"https:\/\/borges1896.com\/cz-sk\/wp-json\/wp\/v2\/media\/7966"}],"wp:attachment":[{"href":"https:\/\/borges1896.com\/cz-sk\/wp-json\/wp\/v2\/media?parent=7965"}],"wp:term":[{"taxonomy":"category","embeddable":true,"href":"https:\/\/borges1896.com\/cz-sk\/wp-json\/wp\/v2\/categories?post=7965"},{"taxonomy":"post_tag","embeddable":true,"href":"https:\/\/borges1896.com\/cz-sk\/wp-json\/wp\/v2\/tags?post=7965"}],"curies":[{"name":"wp","href":"https:\/\/api.w.org\/{rel}","templated":true}]}}